{"id":1496,"date":"2019-05-02T12:59:28","date_gmt":"2019-05-02T10:59:28","guid":{"rendered":"http:\/\/www.portodisanfoca.iti-porti-salentini-scelgono-i-vini-di-claudio-quarta\/"},"modified":"2019-05-02T17:25:46","modified_gmt":"2019-05-02T15:25:46","slug":"i-porti-salentini-scelgono-i-vini-di-claudio-quarta","status":"publish","type":"post","link":"https:\/\/www.portodisanfoca.it\/en\/i-porti-salentini-scelgono-i-vini-di-claudio-quarta\/","title":{"rendered":"I porti salentini scelgono i vini di Claudio Quarta come simbolo dell\u2019accoglienza pugliese"},"content":{"rendered":"<h3><em>Negli attracchi di Santa Maria di Leuca, Brindisi e San Foca <\/em><em>i turisti saranno accolti per tutta l\u2019estate con un calice di vino freddo<\/em><\/h3>\n<p>&nbsp;<\/p>\n<p>I porti di\u00a0<strong>Santa Maria di Leuca<\/strong>,\u00a0<strong>Brindisi<\/strong>\u00a0e\u00a0<strong>San Foca<\/strong>\u00a0accoglieranno i turisti via mare con un buon bicchiere di vino freddo. Per tutta l\u2019estate, infatti, i turisti che attraccheranno nei tre Marina salentini riceveranno il benvenuto simbolico della Puglia, con uno dei prodotti pugliesi ormai pi\u00f9 conosciuti al mondo, il vino appunto. Per il progetto che porter\u00e0 i\u00a0<em>terroir<\/em>\u00a0dell\u2019entroterra direttamente sulla costa e in barca sono stati scelti i vini delle cantine\u00a0<strong>Claudio Quarta Vignaiolo<\/strong>.<\/p>\n<p>\u201cDalla campagna al mare, dai vitigni dell\u2019entroterra alle nostre acque blu \u2013 commenta\u00a0<strong>Carmine Sanna<\/strong>\u00a0direttore dei tre porti \u2013 non c\u2019\u00e8 modo migliore per dare il benvenuto ai turisti che sceglieranno la Puglia e il Salento come meta delle proprie vacanze o come sosta ristoratrice. Simbolo della Puglia laboriosa, della storia e della cultura delle nostre comunit\u00e0, il vino trasmette subito quel sentimento di condivisione, che nelle nostre strutture cerchiamo di comunicare. Con Alessandra e Claudio Quarta \u00e8 stato facile entrare in sintonia per dare vita a questo progetto, per il loro modo innovativo di interpretare una tradizione millenaria\u201d.<\/p>\n<p>\u201cE\u2019 un\u2019iniziativa che abbiamo fortemente voluto \u2013 prosegue\u00a0<strong>Claudio Quarta<\/strong>\u00a0\u2013 per valorizzare uno degli elementi identitari della nostra cultura, dei nostri territori, della nostra storia, che ci caratterizza in tutto il mondo. Per noi, vignaioli \u201cnomadi\u201d con tre cantine sparse in un Sud meraviglioso e cos\u00ec diverso, dal Salento del Negroamaro dove c\u2019\u00e8 la nostra piccola cantina Moros, all\u2019alto Salento del Primitivo delle nostre Tenute Em\u00e9ra, all\u2019Irpinia dei nobili bianchi e rossi, Greco di Tufo e Aglianico, con cantina Sanpaolo, ci \u00e8 sembrato naturale metterci in viaggio verso il mare, approdo di curiosit\u00e0 e conoscenza che tutti abbiamo il dovere di appagare con ci\u00f2 che sappiamo fare meglio. Noi lo facciamo con i nostri vini\u201d.<\/p>\n<p>Nei tre porti si susseguiranno durante l\u2019estate degustazioni e serate a tema con i vini:\u00a0<strong>Jacarando Blanc de Blancs, Jacarando Ros\u00e8, Falanghina, Greco di Tufo Claudio Quarta, Fiano di Avellino, Suavemente, Amure, Anima di Chardonnay, Rose, Qu.Ale, Anima di Negroamaro, Antico Sigillo e SudelSud<\/strong>.<\/p>\n<p>Scontistica dedicata ai diportisti delle tre strutture. Per informazioni:\u00a0<a title=\"Sito Claudio Quarta Vignaiolo\" href=\"https:\/\/claudioquarta.it\/\" target=\"_blank\" rel=\"noopener noreferrer\">claudioquarta.it<\/a><\/p>\n<p>Il video:\u00a0<a title=\"Porti di Puglia - Il gusto dell'estate 2017 - Claudio Quarta Vignaiolo\" href=\"https:\/\/www.youtube.com\/watch?v=TqoZsonEig4&amp;feature=youtu.be\" target=\"_blank\" rel=\"noopener noreferrer\">https:\/\/www.youtube.com\/watch?v=TqoZsonEig4&amp;feature=youtu.be<\/a><\/p>\n<p><img decoding=\"async\" class=\"alignnone size-full wp-image-1503\" src=\"https:\/\/www.portodisanfoca.it\/wp-content\/uploads\/2019\/05\/esec-art-5-sanfoca.jpeg\" alt=\"\" width=\"960\" height=\"1229\" srcset=\"https:\/\/www.portodisanfoca.it\/wp-content\/uploads\/2019\/05\/esec-art-5-sanfoca-200x256.jpeg 200w, https:\/\/www.portodisanfoca.it\/wp-content\/uploads\/2019\/05\/esec-art-5-sanfoca-234x300.jpeg 234w, https:\/\/www.portodisanfoca.it\/wp-content\/uploads\/2019\/05\/esec-art-5-sanfoca-400x512.jpeg 400w, https:\/\/www.portodisanfoca.it\/wp-content\/uploads\/2019\/05\/esec-art-5-sanfoca-600x768.jpeg 600w, https:\/\/www.portodisanfoca.it\/wp-content\/uploads\/2019\/05\/esec-art-5-sanfoca-768x983.jpeg 768w, https:\/\/www.portodisanfoca.it\/wp-content\/uploads\/2019\/05\/esec-art-5-sanfoca-800x1024.jpeg 800w, https:\/\/www.portodisanfoca.it\/wp-content\/uploads\/2019\/05\/esec-art-5-sanfoca.jpeg 960w\" sizes=\"(max-width: 960px) 100vw, 960px\" \/><\/p>\n","protected":false},"excerpt":{"rendered":"<p>Negli attracchi di Santa Maria di Leuca, Brindisi e San Foca i turisti saranno accolti per tutta l\u2019estate con un calice di vino freddo &nbsp; I porti di\u00a0Santa Maria di Leuca,\u00a0Brindisi\u00a0e\u00a0San Foca\u00a0accoglieranno i turisti via mare con un buon bicchiere di vino freddo. Per tutta l\u2019estate, infatti, i turisti che attraccheranno nei tre Marina salentini  [&#8230;]<\/p>\n","protected":false},"author":1,"featured_media":1503,"comment_status":"closed","ping_status":"open","sticky":false,"template":"","format":"standard","meta":{"_acf_changed":false,"footnotes":""},"categories":[11],"tags":[],"class_list":["post-1496","post","type-post","status-publish","format-standard","has-post-thumbnail","hentry","category-uncategorized"],"acf":[],"yoast_head":"<!-- This site is optimized with the Yoast SEO plugin v26.3 - https:\/\/yoast.com\/wordpress\/plugins\/seo\/ -->\n<title>I porti salentini scelgono i vini di Claudio Quarta come simbolo dell\u2019accoglienza pugliese - Porto di San Foca<\/title>\n<meta name=\"robots\" content=\"index, follow, max-snippet:-1, max-image-preview:large, max-video-preview:-1\" \/>\n<link rel=\"canonical\" href=\"https:\/\/www.portodisanfoca.it\/en\/i-porti-salentini-scelgono-i-vini-di-claudio-quarta\/\" \/>\n<meta property=\"og:locale\" content=\"en_US\" \/>\n<meta property=\"og:type\" content=\"article\" \/>\n<meta property=\"og:title\" content=\"I porti salentini scelgono i vini di Claudio Quarta come simbolo dell\u2019accoglienza pugliese - Porto di San Foca\" \/>\n<meta property=\"og:description\" content=\"Negli attracchi di Santa Maria di Leuca, Brindisi e San Foca i turisti saranno accolti per tutta l\u2019estate con un calice di vino freddo &nbsp; I porti di\u00a0Santa Maria di Leuca,\u00a0Brindisi\u00a0e\u00a0San Foca\u00a0accoglieranno i turisti via mare con un buon bicchiere di vino freddo. Per tutta l\u2019estate, infatti, i turisti che attraccheranno nei tre Marina salentini [...]\" \/>\n<meta property=\"og:url\" content=\"https:\/\/www.portodisanfoca.it\/en\/i-porti-salentini-scelgono-i-vini-di-claudio-quarta\/\" \/>\n<meta property=\"og:site_name\" content=\"Porto di San Foca\" \/>\n<meta property=\"article:publisher\" content=\"https:\/\/www.facebook.com\/portodisanfoca\/\" \/>\n<meta property=\"article:published_time\" content=\"2019-05-02T10:59:28+00:00\" \/>\n<meta property=\"article:modified_time\" content=\"2019-05-02T15:25:46+00:00\" \/>\n<meta property=\"og:image\" content=\"https:\/\/www.portodisanfoca.it\/wp-content\/uploads\/2019\/05\/esec-art-5-sanfoca.jpeg\" \/>\n\t<meta property=\"og:image:width\" content=\"960\" \/>\n\t<meta property=\"og:image:height\" content=\"1229\" \/>\n\t<meta property=\"og:image:type\" content=\"image\/jpeg\" \/>\n<meta name=\"author\" content=\"ermesagenzia\" \/>\n<meta name=\"twitter:card\" content=\"summary_large_image\" \/>\n<meta name=\"twitter:label1\" content=\"Written by\" \/>\n\t<meta name=\"twitter:data1\" content=\"ermesagenzia\" \/>\n\t<meta name=\"twitter:label2\" content=\"Est. reading time\" \/>\n\t<meta name=\"twitter:data2\" content=\"2 minutes\" \/>\n<script type=\"application\/ld+json\" class=\"yoast-schema-graph\">{\"@context\":\"https:\/\/schema.org\",\"@graph\":[{\"@type\":\"Article\",\"@id\":\"https:\/\/www.portodisanfoca.it\/en\/i-porti-salentini-scelgono-i-vini-di-claudio-quarta\/#article\",\"isPartOf\":{\"@id\":\"https:\/\/www.portodisanfoca.it\/en\/i-porti-salentini-scelgono-i-vini-di-claudio-quarta\/\"},\"author\":{\"name\":\"ermesagenzia\",\"@id\":\"https:\/\/www.portodisanfoca.it\/#\/schema\/person\/2981f5cf26c124ea23f960aa9dbfcdbd\"},\"headline\":\"I porti salentini scelgono i vini di Claudio Quarta come simbolo dell\u2019accoglienza pugliese\",\"datePublished\":\"2019-05-02T10:59:28+00:00\",\"dateModified\":\"2019-05-02T15:25:46+00:00\",\"mainEntityOfPage\":{\"@id\":\"https:\/\/www.portodisanfoca.it\/en\/i-porti-salentini-scelgono-i-vini-di-claudio-quarta\/\"},\"wordCount\":405,\"publisher\":{\"@id\":\"https:\/\/www.portodisanfoca.it\/#organization\"},\"image\":{\"@id\":\"https:\/\/www.portodisanfoca.it\/en\/i-porti-salentini-scelgono-i-vini-di-claudio-quarta\/#primaryimage\"},\"thumbnailUrl\":\"https:\/\/www.portodisanfoca.it\/wp-content\/uploads\/2019\/05\/esec-art-5-sanfoca.jpeg\",\"inLanguage\":\"en-US\"},{\"@type\":\"WebPage\",\"@id\":\"https:\/\/www.portodisanfoca.it\/en\/i-porti-salentini-scelgono-i-vini-di-claudio-quarta\/\",\"url\":\"https:\/\/www.portodisanfoca.it\/en\/i-porti-salentini-scelgono-i-vini-di-claudio-quarta\/\",\"name\":\"I porti salentini scelgono i vini di Claudio Quarta come simbolo dell\u2019accoglienza pugliese - Porto di San Foca\",\"isPartOf\":{\"@id\":\"https:\/\/www.portodisanfoca.it\/#website\"},\"primaryImageOfPage\":{\"@id\":\"https:\/\/www.portodisanfoca.it\/en\/i-porti-salentini-scelgono-i-vini-di-claudio-quarta\/#primaryimage\"},\"image\":{\"@id\":\"https:\/\/www.portodisanfoca.it\/en\/i-porti-salentini-scelgono-i-vini-di-claudio-quarta\/#primaryimage\"},\"thumbnailUrl\":\"https:\/\/www.portodisanfoca.it\/wp-content\/uploads\/2019\/05\/esec-art-5-sanfoca.jpeg\",\"datePublished\":\"2019-05-02T10:59:28+00:00\",\"dateModified\":\"2019-05-02T15:25:46+00:00\",\"breadcrumb\":{\"@id\":\"https:\/\/www.portodisanfoca.it\/en\/i-porti-salentini-scelgono-i-vini-di-claudio-quarta\/#breadcrumb\"},\"inLanguage\":\"en-US\",\"potentialAction\":[{\"@type\":\"ReadAction\",\"target\":[\"https:\/\/www.portodisanfoca.it\/en\/i-porti-salentini-scelgono-i-vini-di-claudio-quarta\/\"]}]},{\"@type\":\"ImageObject\",\"inLanguage\":\"en-US\",\"@id\":\"https:\/\/www.portodisanfoca.it\/en\/i-porti-salentini-scelgono-i-vini-di-claudio-quarta\/#primaryimage\",\"url\":\"https:\/\/www.portodisanfoca.it\/wp-content\/uploads\/2019\/05\/esec-art-5-sanfoca.jpeg\",\"contentUrl\":\"https:\/\/www.portodisanfoca.it\/wp-content\/uploads\/2019\/05\/esec-art-5-sanfoca.jpeg\",\"width\":960,\"height\":1229},{\"@type\":\"BreadcrumbList\",\"@id\":\"https:\/\/www.portodisanfoca.it\/en\/i-porti-salentini-scelgono-i-vini-di-claudio-quarta\/#breadcrumb\",\"itemListElement\":[{\"@type\":\"ListItem\",\"position\":1,\"name\":\"Home\",\"item\":\"https:\/\/www.portodisanfoca.it\/en\/\"},{\"@type\":\"ListItem\",\"position\":2,\"name\":\"I porti salentini scelgono i vini di Claudio Quarta come simbolo dell\u2019accoglienza pugliese\"}]},{\"@type\":\"WebSite\",\"@id\":\"https:\/\/www.portodisanfoca.it\/#website\",\"url\":\"https:\/\/www.portodisanfoca.it\/\",\"name\":\"Porto di San Foca\",\"description\":\"\",\"publisher\":{\"@id\":\"https:\/\/www.portodisanfoca.it\/#organization\"},\"potentialAction\":[{\"@type\":\"SearchAction\",\"target\":{\"@type\":\"EntryPoint\",\"urlTemplate\":\"https:\/\/www.portodisanfoca.it\/?s={search_term_string}\"},\"query-input\":{\"@type\":\"PropertyValueSpecification\",\"valueRequired\":true,\"valueName\":\"search_term_string\"}}],\"inLanguage\":\"en-US\"},{\"@type\":\"Organization\",\"@id\":\"https:\/\/www.portodisanfoca.it\/#organization\",\"name\":\"Porto di San Foca\",\"url\":\"https:\/\/www.portodisanfoca.it\/\",\"logo\":{\"@type\":\"ImageObject\",\"inLanguage\":\"en-US\",\"@id\":\"https:\/\/www.portodisanfoca.it\/#\/schema\/logo\/image\/\",\"url\":\"https:\/\/www.portodisanfoca.it\/wp-content\/uploads\/2018\/05\/logo-PORTO-DI-SAN-FOCA-4.png\",\"contentUrl\":\"https:\/\/www.portodisanfoca.it\/wp-content\/uploads\/2018\/05\/logo-PORTO-DI-SAN-FOCA-4.png\",\"width\":383,\"height\":116,\"caption\":\"Porto di San Foca\"},\"image\":{\"@id\":\"https:\/\/www.portodisanfoca.it\/#\/schema\/logo\/image\/\"},\"sameAs\":[\"https:\/\/www.facebook.com\/portodisanfoca\/\"]},{\"@type\":\"Person\",\"@id\":\"https:\/\/www.portodisanfoca.it\/#\/schema\/person\/2981f5cf26c124ea23f960aa9dbfcdbd\",\"name\":\"ermesagenzia\",\"image\":{\"@type\":\"ImageObject\",\"inLanguage\":\"en-US\",\"@id\":\"https:\/\/www.portodisanfoca.it\/#\/schema\/person\/image\/\",\"url\":\"https:\/\/secure.gravatar.com\/avatar\/b9d06170efab56dffc04829d1eec34504aee5ae71096963c4a00446ed8a3f458?s=96&d=mm&r=g\",\"contentUrl\":\"https:\/\/secure.gravatar.com\/avatar\/b9d06170efab56dffc04829d1eec34504aee5ae71096963c4a00446ed8a3f458?s=96&d=mm&r=g\",\"caption\":\"ermesagenzia\"},\"url\":\"https:\/\/www.portodisanfoca.it\/en\/author\/ermesagenzia\/\"}]}<\/script>\n<!-- \/ Yoast SEO plugin. -->","yoast_head_json":{"title":"I porti salentini scelgono i vini di Claudio Quarta come simbolo dell\u2019accoglienza pugliese - Porto di San Foca","robots":{"index":"index","follow":"follow","max-snippet":"max-snippet:-1","max-image-preview":"max-image-preview:large","max-video-preview":"max-video-preview:-1"},"canonical":"https:\/\/www.portodisanfoca.it\/en\/i-porti-salentini-scelgono-i-vini-di-claudio-quarta\/","og_locale":"en_US","og_type":"article","og_title":"I porti salentini scelgono i vini di Claudio Quarta come simbolo dell\u2019accoglienza pugliese - Porto di San Foca","og_description":"Negli attracchi di Santa Maria di Leuca, Brindisi e San Foca i turisti saranno accolti per tutta l\u2019estate con un calice di vino freddo &nbsp; I porti di\u00a0Santa Maria di Leuca,\u00a0Brindisi\u00a0e\u00a0San Foca\u00a0accoglieranno i turisti via mare con un buon bicchiere di vino freddo. Per tutta l\u2019estate, infatti, i turisti che attraccheranno nei tre Marina salentini [...]","og_url":"https:\/\/www.portodisanfoca.it\/en\/i-porti-salentini-scelgono-i-vini-di-claudio-quarta\/","og_site_name":"Porto di San Foca","article_publisher":"https:\/\/www.facebook.com\/portodisanfoca\/","article_published_time":"2019-05-02T10:59:28+00:00","article_modified_time":"2019-05-02T15:25:46+00:00","og_image":[{"width":960,"height":1229,"url":"https:\/\/www.portodisanfoca.it\/wp-content\/uploads\/2019\/05\/esec-art-5-sanfoca.jpeg","type":"image\/jpeg"}],"author":"ermesagenzia","twitter_card":"summary_large_image","twitter_misc":{"Written by":"ermesagenzia","Est. reading time":"2 minutes"},"schema":{"@context":"https:\/\/schema.org","@graph":[{"@type":"Article","@id":"https:\/\/www.portodisanfoca.it\/en\/i-porti-salentini-scelgono-i-vini-di-claudio-quarta\/#article","isPartOf":{"@id":"https:\/\/www.portodisanfoca.it\/en\/i-porti-salentini-scelgono-i-vini-di-claudio-quarta\/"},"author":{"name":"ermesagenzia","@id":"https:\/\/www.portodisanfoca.it\/#\/schema\/person\/2981f5cf26c124ea23f960aa9dbfcdbd"},"headline":"I porti salentini scelgono i vini di Claudio Quarta come simbolo dell\u2019accoglienza pugliese","datePublished":"2019-05-02T10:59:28+00:00","dateModified":"2019-05-02T15:25:46+00:00","mainEntityOfPage":{"@id":"https:\/\/www.portodisanfoca.it\/en\/i-porti-salentini-scelgono-i-vini-di-claudio-quarta\/"},"wordCount":405,"publisher":{"@id":"https:\/\/www.portodisanfoca.it\/#organization"},"image":{"@id":"https:\/\/www.portodisanfoca.it\/en\/i-porti-salentini-scelgono-i-vini-di-claudio-quarta\/#primaryimage"},"thumbnailUrl":"https:\/\/www.portodisanfoca.it\/wp-content\/uploads\/2019\/05\/esec-art-5-sanfoca.jpeg","inLanguage":"en-US"},{"@type":"WebPage","@id":"https:\/\/www.portodisanfoca.it\/en\/i-porti-salentini-scelgono-i-vini-di-claudio-quarta\/","url":"https:\/\/www.portodisanfoca.it\/en\/i-porti-salentini-scelgono-i-vini-di-claudio-quarta\/","name":"I porti salentini scelgono i vini di Claudio Quarta come simbolo dell\u2019accoglienza pugliese - Porto di San Foca","isPartOf":{"@id":"https:\/\/www.portodisanfoca.it\/#website"},"primaryImageOfPage":{"@id":"https:\/\/www.portodisanfoca.it\/en\/i-porti-salentini-scelgono-i-vini-di-claudio-quarta\/#primaryimage"},"image":{"@id":"https:\/\/www.portodisanfoca.it\/en\/i-porti-salentini-scelgono-i-vini-di-claudio-quarta\/#primaryimage"},"thumbnailUrl":"https:\/\/www.portodisanfoca.it\/wp-content\/uploads\/2019\/05\/esec-art-5-sanfoca.jpeg","datePublished":"2019-05-02T10:59:28+00:00","dateModified":"2019-05-02T15:25:46+00:00","breadcrumb":{"@id":"https:\/\/www.portodisanfoca.it\/en\/i-porti-salentini-scelgono-i-vini-di-claudio-quarta\/#breadcrumb"},"inLanguage":"en-US","potentialAction":[{"@type":"ReadAction","target":["https:\/\/www.portodisanfoca.it\/en\/i-porti-salentini-scelgono-i-vini-di-claudio-quarta\/"]}]},{"@type":"ImageObject","inLanguage":"en-US","@id":"https:\/\/www.portodisanfoca.it\/en\/i-porti-salentini-scelgono-i-vini-di-claudio-quarta\/#primaryimage","url":"https:\/\/www.portodisanfoca.it\/wp-content\/uploads\/2019\/05\/esec-art-5-sanfoca.jpeg","contentUrl":"https:\/\/www.portodisanfoca.it\/wp-content\/uploads\/2019\/05\/esec-art-5-sanfoca.jpeg","width":960,"height":1229},{"@type":"BreadcrumbList","@id":"https:\/\/www.portodisanfoca.it\/en\/i-porti-salentini-scelgono-i-vini-di-claudio-quarta\/#breadcrumb","itemListElement":[{"@type":"ListItem","position":1,"name":"Home","item":"https:\/\/www.portodisanfoca.it\/en\/"},{"@type":"ListItem","position":2,"name":"I porti salentini scelgono i vini di Claudio Quarta come simbolo dell\u2019accoglienza pugliese"}]},{"@type":"WebSite","@id":"https:\/\/www.portodisanfoca.it\/#website","url":"https:\/\/www.portodisanfoca.it\/","name":"Porto di San Foca","description":"","publisher":{"@id":"https:\/\/www.portodisanfoca.it\/#organization"},"potentialAction":[{"@type":"SearchAction","target":{"@type":"EntryPoint","urlTemplate":"https:\/\/www.portodisanfoca.it\/?s={search_term_string}"},"query-input":{"@type":"PropertyValueSpecification","valueRequired":true,"valueName":"search_term_string"}}],"inLanguage":"en-US"},{"@type":"Organization","@id":"https:\/\/www.portodisanfoca.it\/#organization","name":"Porto di San Foca","url":"https:\/\/www.portodisanfoca.it\/","logo":{"@type":"ImageObject","inLanguage":"en-US","@id":"https:\/\/www.portodisanfoca.it\/#\/schema\/logo\/image\/","url":"https:\/\/www.portodisanfoca.it\/wp-content\/uploads\/2018\/05\/logo-PORTO-DI-SAN-FOCA-4.png","contentUrl":"https:\/\/www.portodisanfoca.it\/wp-content\/uploads\/2018\/05\/logo-PORTO-DI-SAN-FOCA-4.png","width":383,"height":116,"caption":"Porto di San Foca"},"image":{"@id":"https:\/\/www.portodisanfoca.it\/#\/schema\/logo\/image\/"},"sameAs":["https:\/\/www.facebook.com\/portodisanfoca\/"]},{"@type":"Person","@id":"https:\/\/www.portodisanfoca.it\/#\/schema\/person\/2981f5cf26c124ea23f960aa9dbfcdbd","name":"ermesagenzia","image":{"@type":"ImageObject","inLanguage":"en-US","@id":"https:\/\/www.portodisanfoca.it\/#\/schema\/person\/image\/","url":"https:\/\/secure.gravatar.com\/avatar\/b9d06170efab56dffc04829d1eec34504aee5ae71096963c4a00446ed8a3f458?s=96&d=mm&r=g","contentUrl":"https:\/\/secure.gravatar.com\/avatar\/b9d06170efab56dffc04829d1eec34504aee5ae71096963c4a00446ed8a3f458?s=96&d=mm&r=g","caption":"ermesagenzia"},"url":"https:\/\/www.portodisanfoca.it\/en\/author\/ermesagenzia\/"}]}},"_links":{"self":[{"href":"https:\/\/www.portodisanfoca.it\/en\/wp-json\/wp\/v2\/posts\/1496","targetHints":{"allow":["GET"]}}],"collection":[{"href":"https:\/\/www.portodisanfoca.it\/en\/wp-json\/wp\/v2\/posts"}],"about":[{"href":"https:\/\/www.portodisanfoca.it\/en\/wp-json\/wp\/v2\/types\/post"}],"author":[{"embeddable":true,"href":"https:\/\/www.portodisanfoca.it\/en\/wp-json\/wp\/v2\/users\/1"}],"replies":[{"embeddable":true,"href":"https:\/\/www.portodisanfoca.it\/en\/wp-json\/wp\/v2\/comments?post=1496"}],"version-history":[{"count":4,"href":"https:\/\/www.portodisanfoca.it\/en\/wp-json\/wp\/v2\/posts\/1496\/revisions"}],"predecessor-version":[{"id":1508,"href":"https:\/\/www.portodisanfoca.it\/en\/wp-json\/wp\/v2\/posts\/1496\/revisions\/1508"}],"wp:featuredmedia":[{"embeddable":true,"href":"https:\/\/www.portodisanfoca.it\/en\/wp-json\/wp\/v2\/media\/1503"}],"wp:attachment":[{"href":"https:\/\/www.portodisanfoca.it\/en\/wp-json\/wp\/v2\/media?parent=1496"}],"wp:term":[{"taxonomy":"category","embeddable":true,"href":"https:\/\/www.portodisanfoca.it\/en\/wp-json\/wp\/v2\/categories?post=1496"},{"taxonomy":"post_tag","embeddable":true,"href":"https:\/\/www.portodisanfoca.it\/en\/wp-json\/wp\/v2\/tags?post=1496"}],"curies":[{"name":"wp","href":"https:\/\/api.w.org\/{rel}","templated":true}]}}